{"id":276,"date":"2013-01-26T10:58:41","date_gmt":"2013-01-26T10:58:41","guid":{"rendered":"http:\/\/diezepiezers.nl\/?p=276"},"modified":"2013-01-26T10:58:41","modified_gmt":"2013-01-26T10:58:41","slug":"k-g-de-diezepiezers-t-stroomt-veur-ons-allemaol-tekst","status":"publish","type":"post","link":"http:\/\/diezepiezers.nl\/index.php\/k-g-de-diezepiezers-t-stroomt-veur-ons-allemaol-tekst\/","title":{"rendered":"K.G. De Diezepiezers &#8211; &#8217;t Str\u00f4\u00f4mt Veur Ons Allemaol (tekst)"},"content":{"rendered":"<p>K.G. De Diezepiezers &#8211; Str\u00f4\u00f4mt veur ons allemaol\u2019<\/p>\n<p>Refrein:<br \/>\n<em>Ja, ja, we hebbe \u2018t gedaon,<\/em><br \/>\n<em>toch wir op dieje rand gestaon.<\/em><br \/>\n<em>Elluk jaor kom ik oe tege,<\/em><br \/>\n<em>wa ben de toch \u2018n zege,<\/em><br \/>\n<em>Ja, ja, we hebbe \u2018t gedaon,<\/em><br \/>\n<em>l\u00e8kker zij aon zij gestaon.<\/em><br \/>\n<em>De Dieze is wir opgefleurd,<\/em><br \/>\n<em>ze is nou r\u00f4\u00f4d, wit, en \u00f4k nog geel gekleurd.<\/em><\/p>\n<p>Couplet 1:<br \/>\nZondag \u2019s merges, zon komt op,<br \/>\nOetels kw\u00e8kke in de maot.<br \/>\nZe gaot sneller str\u00f4me,<br \/>\nvuult w\u00e8t \u2018r gebeure gaot.<br \/>\nKlokke luie ochtendmis,<br \/>\nze wit nou echt hoe laot \u2018t is.<br \/>\nRefrein:<\/p>\n<p>Couplet 2:<br \/>\nDinsdagnacht \u2018tis wir gedaon,<br \/>\nKnillis hangt nou aon de kraon.<br \/>\nW\u00e8rremte tot d\u2019n b\u00f4jem,<br \/>\nlangzaam wor \u2018t stil op straot.<br \/>\nS\u00e8repetine aon d\u2019n brug,<br \/>\nk\u00e8kt meej \u2018n lach naor oe terug.<\/p>\n<p>Refrein:<\/p>\n<p>Reprise:<br \/>\nZe is nou r\u00f4\u00f4d, wit, en \u00f4k nog g\u00e9\u00e9\u00e9\u00e9l gekleurd.<\/p>\n","protected":false},"excerpt":{"rendered":"<p>K.G. De Diezepiezers &#8211; Str\u00f4\u00f4mt veur ons allemaol\u2019 Refrein: Ja, ja, we hebbe \u2018t gedaon, toch wir op dieje rand gestaon. Elluk jaor kom ik oe tege, wa ben de toch \u2018n zege, Ja, ja, we hebbe \u2018t gedaon, l\u00e8kker zij aon zij gestaon. De Dieze is wir opgefleurd, ze is nou r\u00f4\u00f4d, wit, en &hellip; <a href=\"http:\/\/diezepiezers.nl\/index.php\/k-g-de-diezepiezers-t-stroomt-veur-ons-allemaol-tekst\/\" class=\"more-link\">Lees verder <span class=\"screen-reader-text\">K.G. De Diezepiezers &#8211; &#8217;t Str\u00f4\u00f4mt Veur Ons Allemaol (tekst)<\/span> <span class=\"meta-nav\">&rarr;<\/span><\/a><\/p>\n","protected":false},"author":1,"featured_media":0,"comment_status":"open","ping_status":"open","sticky":false,"template":"","format":"standard","meta":[],"categories":[1],"tags":[15,12,14],"_links":{"self":[{"href":"http:\/\/diezepiezers.nl\/index.php\/wp-json\/wp\/v2\/posts\/276"}],"collection":[{"href":"http:\/\/diezepiezers.nl\/index.php\/wp-json\/wp\/v2\/posts"}],"about":[{"href":"http:\/\/diezepiezers.nl\/index.php\/wp-json\/wp\/v2\/types\/post"}],"author":[{"embeddable":true,"href":"http:\/\/diezepiezers.nl\/index.php\/wp-json\/wp\/v2\/users\/1"}],"replies":[{"embeddable":true,"href":"http:\/\/diezepiezers.nl\/index.php\/wp-json\/wp\/v2\/comments?post=276"}],"version-history":[{"count":1,"href":"http:\/\/diezepiezers.nl\/index.php\/wp-json\/wp\/v2\/posts\/276\/revisions"}],"predecessor-version":[{"id":277,"href":"http:\/\/diezepiezers.nl\/index.php\/wp-json\/wp\/v2\/posts\/276\/revisions\/277"}],"wp:attachment":[{"href":"http:\/\/diezepiezers.nl\/index.php\/wp-json\/wp\/v2\/media?parent=276"}],"wp:term":[{"taxonomy":"category","embeddable":true,"href":"http:\/\/diezepiezers.nl\/index.php\/wp-json\/wp\/v2\/categories?post=276"},{"taxonomy":"post_tag","embeddable":true,"href":"http:\/\/diezepiezers.nl\/index.php\/wp-json\/wp\/v2\/tags?post=276"}],"curies":[{"name":"wp","href":"https:\/\/api.w.org\/{rel}","templated":true}]}}